{"id":4811,"date":"2025-10-30T11:46:00","date_gmt":"2025-10-30T10:46:00","guid":{"rendered":"https:\/\/www.stoffekontor.de\/blog\/?p=4811"},"modified":"2025-12-04T09:06:04","modified_gmt":"2025-12-04T08:06:04","slug":"muetze-naehen-fuer-kinder","status":"publish","type":"post","link":"https:\/\/www.stoffekontor.de\/blog\/muetze-naehen-fuer-kinder\/","title":{"rendered":"M\u00fctze n\u00e4hen leicht gemacht &#8211; 3 tolle N\u00e4hideen f\u00fcr Kinder"},"content":{"rendered":"<div id=\"ez-toc-container\" class=\"ez-toc-v2_0_80 counter-hierarchy ez-toc-counter ez-toc-custom ez-toc-container-direction\">\n<div class=\"ez-toc-title-container\">\n<p class=\"ez-toc-title\" style=\"cursor:inherit\">Inhalt<\/p>\n<span class=\"ez-toc-title-toggle\"><a href=\"#\" class=\"ez-toc-pull-right ez-toc-btn ez-toc-btn-xs ez-toc-btn-default ez-toc-toggle\" aria-label=\"Toggle Table of Content\"><span class=\"ez-toc-js-icon-con\"><span class=\"\"><span class=\"eztoc-hide\" style=\"display:none;\">Toggle<\/span><span class=\"ez-toc-icon-toggle-span\"><svg style=\"fill: #3d0b32;color:#3d0b32\" xmlns=\"http:\/\/www.w3.org\/2000\/svg\" class=\"list-377408\" width=\"20px\" height=\"20px\" viewBox=\"0 0 24 24\" fill=\"none\"><path d=\"M6 6H4v2h2V6zm14 0H8v2h12V6zM4 11h2v2H4v-2zm16 0H8v2h12v-2zM4 16h2v2H4v-2zm16 0H8v2h12v-2z\" fill=\"currentColor\"><\/path><\/svg><svg style=\"fill: #3d0b32;color:#3d0b32\" class=\"arrow-unsorted-368013\" xmlns=\"http:\/\/www.w3.org\/2000\/svg\" width=\"10px\" height=\"10px\" viewBox=\"0 0 24 24\" version=\"1.2\" baseProfile=\"tiny\"><path d=\"M18.2 9.3l-6.2-6.3-6.2 6.3c-.2.2-.3.4-.3.7s.1.5.3.7c.2.2.4.3.7.3h11c.3 0 .5-.1.7-.3.2-.2.3-.5.3-.7s-.1-.5-.3-.7zM5.8 14.7l6.2 6.3 6.2-6.3c.2-.2.3-.5.3-.7s-.1-.5-.3-.7c-.2-.2-.4-.3-.7-.3h-11c-.3 0-.5.1-.7.3-.2.2-.3.5-.3.7s.1.5.3.7z\"\/><\/svg><\/span><\/span><\/span><\/a><\/span><\/div>\n<nav><ul class='ez-toc-list ez-toc-list-level-1 ' ><li class='ez-toc-page-1 ez-toc-heading-level-2'><a class=\"ez-toc-link ez-toc-heading-1\" href=\"https:\/\/www.stoffekontor.de\/blog\/muetze-naehen-fuer-kinder\/#welche-stoffe-eignen-sich-zum-muetze-mit-schal-naehen\" >Welche Stoffe eignen sich zum M\u00fctze mit Schal n\u00e4hen?<\/a><\/li><li class='ez-toc-page-1 ez-toc-heading-level-2'><a class=\"ez-toc-link ez-toc-heading-2\" href=\"https:\/\/www.stoffekontor.de\/blog\/muetze-naehen-fuer-kinder\/#kinder-loop-naehen-%e2%80%93-schal-naehen-variante-1\" >Kinder-Loop n\u00e4hen \u2013 Schal n\u00e4hen (Variante 1)<\/a><\/li><li class='ez-toc-page-1 ez-toc-heading-level-2'><a class=\"ez-toc-link ez-toc-heading-3\" href=\"https:\/\/www.stoffekontor.de\/blog\/muetze-naehen-fuer-kinder\/#klassischen-kinder-schal-naehen-%e2%80%93-mit-oder-ohne-fransen-variante-2\" >Klassischen Kinder-Schal n\u00e4hen \u2013 mit oder ohne Fransen (Variante 2)<\/a><\/li><li class='ez-toc-page-1 ez-toc-heading-level-2'><a class=\"ez-toc-link ez-toc-heading-4\" href=\"https:\/\/www.stoffekontor.de\/blog\/muetze-naehen-fuer-kinder\/#kindermuetze-naehen-%e2%80%93-ganz-ohne-schnittmuster\" >Kinderm\u00fctze n\u00e4hen \u2013 ganz ohne Schnittmuster<\/a><\/li><li class='ez-toc-page-1 ez-toc-heading-level-2'><a class=\"ez-toc-link ez-toc-heading-5\" href=\"https:\/\/www.stoffekontor.de\/blog\/muetze-naehen-fuer-kinder\/#jetzt-loslegen-und-muetze-mit-schal-naehen\" >Jetzt loslegen und M\u00fctze mit Schal n\u00e4hen!<\/a><\/li><\/ul><\/nav><\/div>\n<p>[et_pb_section fb_built=&#8220;1&#8243; _builder_version=&#8220;4.27.4&#8243; _module_preset=&#8220;default&#8220; global_colors_info=&#8220;{}&#8220; theme_builder_area=&#8220;post_content&#8220;][et_pb_row _builder_version=&#8220;4.27.4&#8243; _module_preset=&#8220;default&#8220; global_colors_info=&#8220;{}&#8220; theme_builder_area=&#8220;post_content&#8220;][et_pb_column type=&#8220;4_4&#8243; _builder_version=&#8220;4.27.4&#8243; _module_preset=&#8220;default&#8220; global_colors_info=&#8220;{}&#8220; theme_builder_area=&#8220;post_content&#8220;][et_pb_text _builder_version=&#8220;4.27.4&#8243; _module_preset=&#8220;default&#8220; global_colors_info=&#8220;{}&#8220; theme_builder_area=&#8220;post_content&#8220;]<\/p>\n<p>Es gibt N\u00e4hprojekte, bei denen geht einem einfach das Herz auf &#8211; M\u00fctze n\u00e4hen f\u00fcr Kinder geh\u00f6ren auf jeden Fall dazu!<\/p>\n<p>Nicht nur, weil sie schnell gen\u00e4ht sind. Sondern weil sie so oft getragen werden: auf dem Weg zur Schule, im Kindergarten, beim Toben drau\u00dfen.<\/p>\n<p>Und weil sie genau das ausstrahlen, was man mit gekauft nie ganz so hinbekommt: Pers\u00f6nlichkeit. W\u00e4rme. N\u00e4he.<\/p>\n<p>In diesem Artikel zeige ich Dir zwei einfache Varianten, mit denen Du Kinder-Schals und M\u00fctzen ganz ohne fertiges Schnittmuster n\u00e4hen kannst \u2013 und wenn Du\u2019s Dir lieber leicht machst, verlinke ich Dir auch ein erprobtes Schnittmuster aus unserem Shop, mit dem Du direkt loslegen kannst.<\/p>\n<p>&nbsp;<\/p>\n<h2><span class=\"ez-toc-section\" id=\"welche-stoffe-eignen-sich-zum-muetze-mit-schal-naehen\"><\/span>Welche Stoffe eignen sich zum M\u00fctze mit Schal n\u00e4hen?<span class=\"ez-toc-section-end\"><\/span><\/h2>\n<p>Wenn Kinder ihre M\u00fctzen selbst aussuchen d\u00fcrften, w\u00fcrden sie wahrscheinlich nach dem Greif-Prinzip entscheiden:<\/p>\n<ul>\n<li>Bunt,<\/li>\n<li>flauschig,<\/li>\n<li>Lieblingsmotiv<\/li>\n<\/ul>\n<p>Was sie aber wirklich tragen, sind M\u00fctzen und Schals, die weich sind, nicht kratzen und gut sitzen. Deshalb kommt es bei der Stoffwahl auf zwei Dinge an: <strong>Bequemlichkeit<\/strong> und <strong>Alltagstauglichkeit.<\/strong><\/p>\n<p>Diese Stoffe haben sich bew\u00e4hrt:<\/p>\n<ul>\n<li><strong>Jersey<\/strong><\/li>\n<\/ul>\n<p>Perfekt f\u00fcr \u00dcbergangszeit, Alltag und f\u00fcr alle Kinder, die keine dicken M\u00fctzen m\u00f6gen.<\/p>\n<p>[\/et_pb_text][et_pb_image src=&#8220;https:\/\/www.stoffekontor.de\/blog\/wp-content\/uploads\/2025\/10\/Schal-naehen-Jerseystoff.png&#8220; alt=&#8220;Schal n\u00e4hen-Jerseystoff&#8220; title_text=&#8220;Schal n\u00e4hen-Jerseystoff&#8220; url=&#8220;https:\/\/www.stoffekontor.de\/gemusterter-baumwolljersey&#8220; url_new_window=&#8220;on&#8220; _builder_version=&#8220;4.27.4&#8243; _module_preset=&#8220;default&#8220; global_colors_info=&#8220;{}&#8220; theme_builder_area=&#8220;post_content&#8220;][\/et_pb_image][et_pb_text _builder_version=&#8220;4.27.4&#8243; _module_preset=&#8220;default&#8220; global_colors_info=&#8220;{}&#8220; theme_builder_area=&#8220;post_content&#8220;]<\/p>\n<ul>\n<li><strong>French Terry oder Sweat<\/strong><\/li>\n<\/ul>\n<p>Etwas dicker, aber sch\u00f6n anschmiegsam \u2013 h\u00e4lt bei Wind und Wetter gut warm.<\/p>\n<p>[\/et_pb_text][et_pb_image src=&#8220;https:\/\/www.stoffekontor.de\/blog\/wp-content\/uploads\/2025\/10\/French-Terry-dehnbare-Stoffe-Muetze-naehen.png&#8220; alt=&#8220;French Terry- dehnbare Stoffe- M\u00fctze n\u00e4hen&#8220; title_text=&#8220;French Terry- dehnbare Stoffe- M\u00fctze n\u00e4hen&#8220; url=&#8220;https:\/\/www.stoffekontor.de\/french-terry&#8220; url_new_window=&#8220;on&#8220; _builder_version=&#8220;4.27.4&#8243; _module_preset=&#8220;default&#8220; global_colors_info=&#8220;{}&#8220; theme_builder_area=&#8220;post_content&#8220;][\/et_pb_image][et_pb_text _builder_version=&#8220;4.27.4&#8243; _module_preset=&#8220;default&#8220; global_colors_info=&#8220;{}&#8220; theme_builder_area=&#8220;post_content&#8220;]<\/p>\n<ul>\n<li><strong>Musselin (Mousseline)<\/strong><\/li>\n<\/ul>\n<p>Luftig, leicht, nat\u00fcrlich \u2013 ideal f\u00fcr unkomplizierte Schals, die \u201emal eben dr\u00fcber\u201c gezogen werden.<\/p>\n<p>[\/et_pb_text][et_pb_image src=&#8220;https:\/\/www.stoffekontor.de\/blog\/wp-content\/uploads\/2025\/10\/Mousseline-Musselin-Tuch-naehen-Schal-Muetze.png&#8220; alt=&#8220;Mousseline-Musselin-Tuch n\u00e4hen-Schal-M\u00fctze&#8220; title_text=&#8220;Mousseline-Musselin-Tuch n\u00e4hen-Schal-M\u00fctze&#8220; url=&#8220;https:\/\/www.stoffekontor.de\/mousseline&#8220; url_new_window=&#8220;on&#8220; _builder_version=&#8220;4.27.4&#8243; _module_preset=&#8220;default&#8220; global_colors_info=&#8220;{}&#8220; theme_builder_area=&#8220;post_content&#8220;][\/et_pb_image][et_pb_text _builder_version=&#8220;4.27.4&#8243; _module_preset=&#8220;default&#8220; global_colors_info=&#8220;{}&#8220; theme_builder_area=&#8220;post_content&#8220;]<\/p>\n<ul>\n<li><strong>B\u00fcndchenware<\/strong><\/li>\n<\/ul>\n<p>F\u00fcr den perfekten Sitz, vor allem bei M\u00fctzen. Gibt\u2019s bei uns \u00fcbrigens in vielen Farben, die zu deinen Hauptstoffen passen.<\/p>\n<p>[\/et_pb_text][et_pb_image src=&#8220;https:\/\/www.stoffekontor.de\/blog\/wp-content\/uploads\/2025\/10\/Buendchen-Buendchenstoff-Muetze-naehen-Schal.png&#8220; alt=&#8220;B\u00fcndchen-B\u00fcndchenstoff-M\u00fctze n\u00e4hen &#038; Schal&#8220; title_text=&#8220;B\u00fcndchen-B\u00fcndchenstoff-M\u00fctze n\u00e4hen &#038; Schal&#8220; url=&#8220;https:\/\/www.stoffekontor.de\/buendchenstoff&#8220; url_new_window=&#8220;on&#8220; _builder_version=&#8220;4.27.4&#8243; _module_preset=&#8220;default&#8220; global_colors_info=&#8220;{}&#8220; theme_builder_area=&#8220;post_content&#8220;][\/et_pb_image][et_pb_text _builder_version=&#8220;4.27.4&#8243; _module_preset=&#8220;default&#8220; global_colors_info=&#8220;{}&#8220; theme_builder_area=&#8220;post_content&#8220;]<\/p>\n<h2><span class=\"ez-toc-section\" id=\"kinder-loop-naehen-%e2%80%93-schal-naehen-variante-1\"><\/span>Kinder-Loop n\u00e4hen \u2013 Schal n\u00e4hen (Variante 1)<span class=\"ez-toc-section-end\"><\/span><\/h2>\n<p>Ein Loop ist der Schal f\u00fcr alle, die\u2019s unkompliziert m\u00f6gen. Kein Knoten, kein Gefummel \u2013 einfach \u00fcber den Kopf und fertig.<\/p>\n<p>Und weil er so einfach zu n\u00e4hen ist, eignet sich dieses Projekt auch perfekt f\u00fcr Stoffreste oder spontane Geschenkideen.<\/p>\n<p><strong>Ma\u00dfe f\u00fcr ca. 3\u201310 Jahre:<\/strong><\/p>\n<ul>\n<li>Breite: 50 cm<\/li>\n<li>H\u00f6he: 20\u201325 cm (je nachdem, wie weit er am Hals sitzen soll)<\/li>\n<\/ul>\n<p><strong>Du brauchst:<\/strong><\/p>\n<ul>\n<li>2 Stoffstreifen \u00e0 50 x 25 cm (am besten Jersey oder Sweat)<\/li>\n<li>N\u00e4hmaschine mit elastischem Stich<\/li>\n<li>Wonder Clips oder Klammern<\/li>\n<\/ul>\n<p><strong>So geht\u2019s:<\/strong><\/p>\n<ol>\n<li>Stoffe rechts auf rechts legen, lange Seiten zusammenn\u00e4hen.<\/li>\n<li>Den Schlauch so drehen, dass die kurzen Enden aufeinandertreffen \u2013 zusammenn\u00e4hen, dabei eine Wende\u00f6ffnung lassen.<\/li>\n<li>Wenden, \u00d6ffnung schlie\u00dfen \u2013 fertig ist dein Loop!<\/li>\n<\/ol>\n<p>[\/et_pb_text][et_pb_image src=&#8220;https:\/\/www.stoffekontor.de\/blog\/wp-content\/uploads\/2025\/10\/Schal-naehen-Loopschal-naehen-Fuer-Kinder-naehen.png&#8220; alt=&#8220;Schal n\u00e4hen-Loopschal n\u00e4hen-F\u00fcr Kinder n\u00e4hen&#8220; title_text=&#8220;Schal n\u00e4hen-Loopschal n\u00e4hen-F\u00fcr Kinder n\u00e4hen&#8220; _builder_version=&#8220;4.27.4&#8243; _module_preset=&#8220;default&#8220; global_colors_info=&#8220;{}&#8220; theme_builder_area=&#8220;post_content&#8220;][\/et_pb_image][et_pb_text _builder_version=&#8220;4.27.4&#8243; _module_preset=&#8220;default&#8220; hover_enabled=&#8220;0&#8243; global_colors_info=&#8220;{}&#8220; theme_builder_area=&#8220;post_content&#8220; sticky_enabled=&#8220;0&#8243;]<\/p>\n<p><strong>Klingt machbar? &#8211; Ist es auch!<\/strong><\/p>\n<p>Und wenn Du trotzdem lieber nach Schnittmuster n\u00e4hst, dann schau mal hier in unseren Shop<\/p>\n<p>&nbsp;<\/p>\n<h2><span class=\"ez-toc-section\" id=\"klassischen-kinder-schal-naehen-%e2%80%93-mit-oder-ohne-fransen-variante-2\"><\/span>Klassischen Kinder-Schal n\u00e4hen \u2013 mit oder ohne Fransen (Variante 2)<span class=\"ez-toc-section-end\"><\/span><\/h2>\n<p>Manchmal ist aber auch ein klassischer Schal einfach genau das Richtige. Zum Binden, Knoten oder Kn\u00f6pfen \u2013 und mit Stoffen, die sich angenehm anf\u00fchlen.<\/p>\n<p>Besonders sch\u00f6n: Musselin oder angerauter Jersey, der weich f\u00e4llt und sich gut anpasst.<\/p>\n<p><strong>Du brauchst:<\/strong><\/p>\n<ul>\n<li>Ein Stoffst\u00fcck ca. 20 x 100 cm<\/li>\n<li>Snaps oder Knopf<\/li>\n<li>eventuell B\u00e4nder, Fransen oder Webetikett als Verzierung<\/li>\n<\/ul>\n<p><strong>So geht\u2019s:<\/strong><\/p>\n<ol>\n<li>Zwei Stofflagen rechts auf rechts zusammenn\u00e4hen, Wende\u00f6ffnung lassen.<\/li>\n<li>Wenden, b\u00fcgeln, knappkantig schlie\u00dfen.<\/li>\n<li>Wer mag, bringt an einer Ecke einen Druckknopf an \u2013 oder n\u00e4ht Fransen an den Enden.<\/li>\n<\/ol>\n<p>[\/et_pb_text][et_pb_image src=&#8220;https:\/\/www.stoffekontor.de\/blog\/wp-content\/uploads\/2025\/10\/Schal-naehen-Naehen-fuer-Kinder.png&#8220; alt=&#8220;Schal n\u00e4hen-N\u00e4hen f\u00fcr Kinder&#8220; title_text=&#8220;Schal n\u00e4hen-N\u00e4hen f\u00fcr Kinder&#8220; _builder_version=&#8220;4.27.4&#8243; _module_preset=&#8220;default&#8220; global_colors_info=&#8220;{}&#8220; theme_builder_area=&#8220;post_content&#8220;][\/et_pb_image][et_pb_text _builder_version=&#8220;4.27.4&#8243; _module_preset=&#8220;default&#8220; global_colors_info=&#8220;{}&#8220; theme_builder_area=&#8220;post_content&#8220;]<\/p>\n<p><strong>Tipp:<\/strong> F\u00fcr Musselin musst du nicht mal s\u00e4umen \u2013 die offenen Kanten fransen mit der Zeit ganz charmant aus. Das geh\u00f6rt dazu.<\/p>\n<p>&nbsp;<\/p>\n<h2><span class=\"ez-toc-section\" id=\"kindermuetze-naehen-%e2%80%93-ganz-ohne-schnittmuster\"><\/span>Kinderm\u00fctze n\u00e4hen \u2013 ganz ohne Schnittmuster<span class=\"ez-toc-section-end\"><\/span><\/h2>\n<p>Eine einfache Kinderm\u00fctze bekommst du auch ohne fertiges SM hin \u2013 du brauchst nur den Kopfumfang und etwas Jersey oder Sweat.<\/p>\n<p><strong>Ma\u00dfe:<\/strong><\/p>\n<ul>\n<li>Breite = Kopfumfang \u2013 1\u20132 cm (z.\u202fB. 48 cm bei KU 50)<\/li>\n<li>H\u00f6he = ca. 25\u201328 cm, je nach Look<\/li>\n<\/ul>\n<p><strong>So geht\u2019s:<\/strong><\/p>\n<ol>\n<li>Stoff rechteckig zuschneiden.<\/li>\n<li>Seitennaht schlie\u00dfen, obere Kante rund formen (z.\u202fB. mit Abn\u00e4hern oder einfach schr\u00e4g).<\/li>\n<li>B\u00fcndchen ann\u00e4hen \u2013 fertig!<\/li>\n<\/ol>\n<p>[\/et_pb_text][et_pb_image src=&#8220;https:\/\/www.stoffekontor.de\/blog\/wp-content\/uploads\/2025\/10\/Beanie-Muetze-naehen-Muetze-naehen-Kinder.png&#8220; alt=&#8220;Beanie M\u00fctze n\u00e4hen-M\u00fctze n\u00e4hen Kinder&#8220; title_text=&#8220;Beanie M\u00fctze n\u00e4hen-M\u00fctze n\u00e4hen Kinder&#8220; _builder_version=&#8220;4.27.4&#8243; _module_preset=&#8220;default&#8220; global_colors_info=&#8220;{}&#8220; theme_builder_area=&#8220;post_content&#8220;][\/et_pb_image][et_pb_text _builder_version=&#8220;4.27.4&#8243; _module_preset=&#8220;default&#8220; global_colors_info=&#8220;{}&#8220; theme_builder_area=&#8220;post_content&#8220;]<\/p>\n<p>Und wer es sich etwas leichter machen will, bekommt bei uns im Shop ein Kombi-Schnittmuster f\u00fcr M\u00fctze &amp; Loop, das schon auf g\u00e4ngige Kindergr\u00f6\u00dfen abgestimmt ist.<\/p>\n<p>[\/et_pb_text][et_pb_button button_url=&#8220;https:\/\/www.stoffekontor.de\/Schnittmuster-fuer-Muetzen-Schals-fadenkaefer&#8220; url_new_window=&#8220;on&#8220; button_text=&#8220;Hier geht&#8217;s direkt zum Schnittmuster!&#8220; _builder_version=&#8220;4.27.4&#8243; _module_preset=&#8220;default&#8220; global_colors_info=&#8220;{}&#8220; theme_builder_area=&#8220;post_content&#8220;][\/et_pb_button][et_pb_text _builder_version=&#8220;4.27.4&#8243; _module_preset=&#8220;default&#8220; hover_enabled=&#8220;0&#8243; global_colors_info=&#8220;{}&#8220; theme_builder_area=&#8220;post_content&#8220; sticky_enabled=&#8220;0&#8243;]<\/p>\n<p>Alternativ findest du auch kostenlose Freebies z.\u202fB. bei: <a href=\"https:\/\/www.pattydoo.de\/schnittmuster-kostenlos\" target=\"_blank\" rel=\"noopener\" title=\"Kostenlose Schnittmuster\">pattydoo<\/a>.<\/p>\n<p>&nbsp;<\/p>\n<h2><span class=\"ez-toc-section\" id=\"jetzt-loslegen-und-muetze-mit-schal-naehen\"><\/span>Jetzt loslegen und M\u00fctze mit Schal n\u00e4hen!<span class=\"ez-toc-section-end\"><\/span><\/h2>\n<p>Wei\u00dft Du was das Sch\u00f6ne an diesen kleinen Projekten ist?<\/p>\n<p>Sie sind schnell fertig \u2013 und bringen richtig viel Freude.<\/p>\n<ul>\n<li>F\u00fcr das Kind, das sie tr\u00e4gt.<\/li>\n<li>F\u00fcr Dich, weil Du etwas mit den eigenen H\u00e4nden geschaffen hast.<\/li>\n<li>Und manchmal auch f\u00fcr andere \u2013 wenn Du das Set verschenkst und das P\u00e4ckchen mit einem L\u00e4cheln \u00fcbergibst.<\/li>\n<\/ul>\n<p>Also:<\/p>\n<ul>\n<li>Such Dir Deine Lieblingsstoffe aus<\/li>\n<li>Schnapp Dir N\u00e4hmaschine, Ma\u00dfband &amp; Co.<\/li>\n<li>Und n\u00e4h los \u2013 ob mit Schnittmuster oder freestyle<\/li>\n<\/ul>\n<p>&nbsp;<\/p>\n<p>Wir sind gespannt, was Du daraus machst!<\/p>\n<p>Wenn Du magst, zeig\u2019s uns auf Instagram mit dem <strong>#stoffekontor<\/strong> \u2013 oder schick uns ein Foto per Mail. Wir freuen uns auf Deine Werke!<\/p>\n<p>[\/et_pb_text][et_pb_social_media_follow _builder_version=&#8220;4.27.4&#8243; _module_preset=&#8220;default&#8220; hover_enabled=&#8220;0&#8243; global_colors_info=&#8220;{}&#8220; theme_builder_area=&#8220;post_content&#8220; sticky_enabled=&#8220;0&#8243;][et_pb_social_media_follow_network social_network=&#8220;instagram&#8220; _builder_version=&#8220;4.27.4&#8243; _module_preset=&#8220;default&#8220; background_color=&#8220;#ea2c59&#8243; hover_enabled=&#8220;0&#8243; global_colors_info=&#8220;{}&#8220; theme_builder_area=&#8220;post_content&#8220; follow_button=&#8220;off&#8220; url_new_window=&#8220;on&#8220; url=&#8220;https:\/\/www.instagram.com\/stoffekontor\/&#8220; sticky_enabled=&#8220;0&#8243;]instagram[\/et_pb_social_media_follow_network][\/et_pb_social_media_follow][et_pb_text _builder_version=&#8220;4.27.4&#8243; _module_preset=&#8220;default&#8220; global_colors_info=&#8220;{}&#8220; theme_builder_area=&#8220;post_content&#8220;]<\/p>\n<p>&nbsp;<\/p>\n<p>&nbsp;<\/p>\n<p>&nbsp;<\/p>\n<p>&nbsp;<\/p>\n<p>&nbsp;<\/p>\n<p>&nbsp;<\/p>\n<p>&nbsp;<\/p>\n<p>&nbsp;<\/p>\n<p>zuletzt aktualisiert am 30.10.2025<\/p>\n<p>[\/et_pb_text][\/et_pb_column][\/et_pb_row][\/et_pb_section]<\/p>\n","protected":false},"excerpt":{"rendered":"<p>Es gibt N\u00e4hprojekte, bei denen geht einem einfach das Herz auf &#8211; M\u00fctze n\u00e4hen f\u00fcr Kinder geh\u00f6ren auf jeden Fall dazu! Nicht nur, weil sie schnell gen\u00e4ht sind. Sondern weil sie so oft getragen werden: auf dem Weg zur Schule, im Kindergarten, beim Toben drau\u00dfen. Und weil sie genau das ausstrahlen, was man mit gekauft [&hellip;]<\/p>\n","protected":false},"author":7,"featured_media":4835,"comment_status":"open","ping_status":"closed","sticky":false,"template":"","format":"standard","meta":{"_et_pb_use_builder":"on","_et_pb_old_content":"","_et_gb_content_width":"","footnotes":""},"categories":[19,1,22],"tags":[75,76,77],"class_list":["post-4811","post","type-post","status-publish","format-standard","has-post-thumbnail","hentry","category-mode","category-naehen","category-naehideen","tag-muetze-naehen","tag-schal-naehen","tag-winterkleidung-naehen"],"_links":{"self":[{"href":"https:\/\/www.stoffekontor.de\/blog\/wp-json\/wp\/v2\/posts\/4811","targetHints":{"allow":["GET"]}}],"collection":[{"href":"https:\/\/www.stoffekontor.de\/blog\/wp-json\/wp\/v2\/posts"}],"about":[{"href":"https:\/\/www.stoffekontor.de\/blog\/wp-json\/wp\/v2\/types\/post"}],"author":[{"embeddable":true,"href":"https:\/\/www.stoffekontor.de\/blog\/wp-json\/wp\/v2\/users\/7"}],"replies":[{"embeddable":true,"href":"https:\/\/www.stoffekontor.de\/blog\/wp-json\/wp\/v2\/comments?post=4811"}],"version-history":[{"count":13,"href":"https:\/\/www.stoffekontor.de\/blog\/wp-json\/wp\/v2\/posts\/4811\/revisions"}],"predecessor-version":[{"id":4845,"href":"https:\/\/www.stoffekontor.de\/blog\/wp-json\/wp\/v2\/posts\/4811\/revisions\/4845"}],"wp:featuredmedia":[{"embeddable":true,"href":"https:\/\/www.stoffekontor.de\/blog\/wp-json\/wp\/v2\/media\/4835"}],"wp:attachment":[{"href":"https:\/\/www.stoffekontor.de\/blog\/wp-json\/wp\/v2\/media?parent=4811"}],"wp:term":[{"taxonomy":"category","embeddable":true,"href":"https:\/\/www.stoffekontor.de\/blog\/wp-json\/wp\/v2\/categories?post=4811"},{"taxonomy":"post_tag","embeddable":true,"href":"https:\/\/www.stoffekontor.de\/blog\/wp-json\/wp\/v2\/tags?post=4811"}],"curies":[{"name":"wp","href":"https:\/\/api.w.org\/{rel}","templated":true}]}}